{"id":3989,"date":"2026-04-14T08:16:02","date_gmt":"2026-04-14T06:16:02","guid":{"rendered":"https:\/\/mucap.eu\/a-museum-to-remember\/"},"modified":"2026-04-14T08:16:59","modified_gmt":"2026-04-14T06:16:59","slug":"a-museum-to-remember","status":"publish","type":"post","link":"https:\/\/mucap.eu\/en\/a-museum-to-remember\/","title":{"rendered":"A museum to remember"},"content":{"rendered":"\n<h3 class=\"wp-block-heading\" style=\"font-size:20px\">It will open in spring 2028, in Foucarville. The future museum of German war captivity will be the first entirely dedicated to this subject. To find out more.  <\/h3>\n\n<p><em>Article published in Manche&#8217;Mag April 2026<\/em><\/p>\n\n<p><em>INTERVIEW WITH&#8230;<\/em><br\/><em>Catherine Brunaud-Rhyn, Vice-President in charge of Attractiveness, Culture and Territorial Development<\/em><\/p>\n\n<figure class=\"wp-block-image alignleft size-large is-resized\"><img fetchpriority=\"high\" decoding=\"async\" width=\"782\" height=\"1024\" src=\"https:\/\/mucap.eu\/wp-content\/uploads\/2026\/04\/Manche-Mag-782x1024.jpeg\" alt=\"\" class=\"wp-image-3983\" style=\"width:295px;height:auto\" srcset=\"https:\/\/mucap.eu\/wp-content\/uploads\/2026\/04\/Manche-Mag-782x1024.jpeg 782w, https:\/\/mucap.eu\/wp-content\/uploads\/2026\/04\/Manche-Mag-229x300.jpeg 229w, https:\/\/mucap.eu\/wp-content\/uploads\/2026\/04\/Manche-Mag-768x1006.jpeg 768w, https:\/\/mucap.eu\/wp-content\/uploads\/2026\/04\/Manche-Mag-1173x1536.jpeg 1173w, https:\/\/mucap.eu\/wp-content\/uploads\/2026\/04\/Manche-Mag-1564x2048.jpeg 1564w, https:\/\/mucap.eu\/wp-content\/uploads\/2026\/04\/Manche-Mag-1320x1728.jpeg 1320w, https:\/\/mucap.eu\/wp-content\/uploads\/2026\/04\/Manche-Mag.jpeg 1784w\" sizes=\"(max-width: 782px) 100vw, 782px\" \/><\/figure>\n\n<p><strong>Why does this captivity museum project make so much sense in La Manche?<\/strong><br\/>Captivity during the Second World War is a little-talked-about subject. This project will shed light on this important page in our history, complementing the existing museums and memorial sites in the area. And the site chosen for this museum is just as symbolic, as it will be located between the town of Ravenoville and the former Foucarville prison camp. This was the largest German prison camp in Europe.   <\/p>\n\n<p><strong>Can you tell us a little more about this prison camp?<\/strong><br\/>Initially, in June 1944, it was a makeshift camp for the transit of prisoners. But as the months went by and the number of prisoners increased, the need arose to resize the camp and make it permanent. It quickly became a real town, with its own streets and facilities: bakery, churches, theater, sports facilities&#8230; respect for the individual was very much in evidence, and a special effort was made to provide education, as the camp welcomed many young people aged 12 to 17. Between 1944 and 1947, almost 100,000 prisoners of war stayed or passed through the camp.   <\/p>\n\n<p><strong>What is the philosophy behind this museum project?<\/strong><br\/>It is very much in line with the values of humanism, reconciliation and peace espoused by Colonel Warren J. Kennedy, the camp commander. This notion of captivity will be explored to understand its contours, but also to contextualize it and compare it with other European camps of the same era. <\/p>\n\n<p><strong>What can we see on site?<\/strong><br\/>The site extends over 1.3 hectares, with a memorial garden and a belvedere offering a view of the former camp. In the museum section, the 1,370 m\u00b2 will house a number of spaces for permanent and temporary exhibitions, as well as a mediation room and a collection storage area. <\/p>\n\n<p><strong>How far along is the project?<\/strong><br\/>Following the study phase and the selection of contractors, work is scheduled to start in spring 2026. It will take two years to complete, with opening to the public targeted for spring 2028. <\/p>\n\n<p><strong>Why is the D\u00e9partement supporting this initiative?<\/strong><br\/>This place of remembrance, supported by the Warren J. Kennedy Association, will be an excellent tool for mediation and education. The scientific approach is sound, and the architectural design of high quality. For the Manche region, this is a museum that has a rightful place in our landscape of remembrance and tourism. The Department&#8217;s support of \u20ac200,000 illustrates our attachment to this project, which reflects the values we hold dear.   <\/p>\n","protected":false},"excerpt":{"rendered":"<p>It will open in spring 2028, in Foucarville. The future museum of German war captivity will be the first entirely dedicated to this subject. To find out more. Article published in Manche&#8217;Mag April 2026 INTERVIEW WITH&#8230;Catherine Brunaud-Rhyn, Vice-President in charge of Attractiveness, Culture and Territorial Development Why does this captivity museum project make so much [&hellip;]<\/p>\n","protected":false},"author":1,"featured_media":3984,"comment_status":"open","ping_status":"open","sticky":false,"template":"","format":"standard","meta":{"footnotes":""},"categories":[22],"tags":[],"class_list":["post-3989","post","type-post","status-publish","format-standard","has-post-thumbnail","hentry","category-press"],"yoast_head":"<!-- This site is optimized with the Yoast SEO plugin v27.0 - https:\/\/yoast.com\/product\/yoast-seo-wordpress\/ -->\n<title>A museum to remember - MUCAP<\/title>\n<meta name=\"robots\" content=\"index, follow, max-snippet:-1, max-image-preview:large, max-video-preview:-1\" \/>\n<link rel=\"canonical\" href=\"https:\/\/mucap.eu\/en\/a-museum-to-remember\/\" \/>\n<meta property=\"og:locale\" content=\"en_US\" \/>\n<meta property=\"og:type\" content=\"article\" \/>\n<meta property=\"og:title\" content=\"A museum to remember - MUCAP\" \/>\n<meta property=\"og:description\" content=\"It will open in spring 2028, in Foucarville. The future museum of German war captivity will be the first entirely dedicated to this subject. To find out more. Article published in Manche&#8217;Mag April 2026 INTERVIEW WITH&#8230;Catherine Brunaud-Rhyn, Vice-President in charge of Attractiveness, Culture and Territorial Development Why does this captivity museum project make so much [&hellip;]\" \/>\n<meta property=\"og:url\" content=\"https:\/\/mucap.eu\/en\/a-museum-to-remember\/\" \/>\n<meta property=\"og:site_name\" content=\"MUCAP\" \/>\n<meta property=\"article:published_time\" content=\"2026-04-14T06:16:02+00:00\" \/>\n<meta property=\"article:modified_time\" content=\"2026-04-14T06:16:59+00:00\" \/>\n<meta property=\"og:image\" content=\"https:\/\/mucap.eu\/wp-content\/uploads\/2026\/04\/Manche-Mag.jpeg\" \/>\n\t<meta property=\"og:image:width\" content=\"1784\" \/>\n\t<meta property=\"og:image:height\" content=\"2336\" \/>\n\t<meta property=\"og:image:type\" content=\"image\/jpeg\" \/>\n<meta name=\"author\" content=\"FredFleury\" \/>\n<meta name=\"twitter:card\" content=\"summary_large_image\" \/>\n<meta name=\"twitter:label1\" content=\"Written by\" \/>\n\t<meta name=\"twitter:data1\" content=\"FredFleury\" \/>\n\t<meta name=\"twitter:label2\" content=\"Est. reading time\" \/>\n\t<meta name=\"twitter:data2\" content=\"2 minutes\" \/>\n<script type=\"application\/ld+json\" class=\"yoast-schema-graph\">{\"@context\":\"https:\/\/schema.org\",\"@graph\":[{\"@type\":\"Article\",\"@id\":\"https:\/\/mucap.eu\/en\/a-museum-to-remember\/#article\",\"isPartOf\":{\"@id\":\"https:\/\/mucap.eu\/en\/a-museum-to-remember\/\"},\"author\":{\"name\":\"FredFleury\",\"@id\":\"https:\/\/mucap.eu\/en\/#\/schema\/person\/264da7a8ca76b4ba8fe2b770520f6a09\"},\"headline\":\"A museum to remember\",\"datePublished\":\"2026-04-14T06:16:02+00:00\",\"dateModified\":\"2026-04-14T06:16:59+00:00\",\"mainEntityOfPage\":{\"@id\":\"https:\/\/mucap.eu\/en\/a-museum-to-remember\/\"},\"wordCount\":460,\"commentCount\":0,\"publisher\":{\"@id\":\"https:\/\/mucap.eu\/en\/#organization\"},\"image\":{\"@id\":\"https:\/\/mucap.eu\/en\/a-museum-to-remember\/#primaryimage\"},\"thumbnailUrl\":\"https:\/\/mucap.eu\/wp-content\/uploads\/2026\/04\/Manche-Mag.jpeg\",\"articleSection\":[\"Press\"],\"inLanguage\":\"en-US\",\"potentialAction\":[{\"@type\":\"CommentAction\",\"name\":\"Comment\",\"target\":[\"https:\/\/mucap.eu\/en\/a-museum-to-remember\/#respond\"]}]},{\"@type\":\"WebPage\",\"@id\":\"https:\/\/mucap.eu\/en\/a-museum-to-remember\/\",\"url\":\"https:\/\/mucap.eu\/en\/a-museum-to-remember\/\",\"name\":\"A museum to remember - MUCAP\",\"isPartOf\":{\"@id\":\"https:\/\/mucap.eu\/en\/#website\"},\"primaryImageOfPage\":{\"@id\":\"https:\/\/mucap.eu\/en\/a-museum-to-remember\/#primaryimage\"},\"image\":{\"@id\":\"https:\/\/mucap.eu\/en\/a-museum-to-remember\/#primaryimage\"},\"thumbnailUrl\":\"https:\/\/mucap.eu\/wp-content\/uploads\/2026\/04\/Manche-Mag.jpeg\",\"datePublished\":\"2026-04-14T06:16:02+00:00\",\"dateModified\":\"2026-04-14T06:16:59+00:00\",\"breadcrumb\":{\"@id\":\"https:\/\/mucap.eu\/en\/a-museum-to-remember\/#breadcrumb\"},\"inLanguage\":\"en-US\",\"potentialAction\":[{\"@type\":\"ReadAction\",\"target\":[\"https:\/\/mucap.eu\/en\/a-museum-to-remember\/\"]}]},{\"@type\":\"ImageObject\",\"inLanguage\":\"en-US\",\"@id\":\"https:\/\/mucap.eu\/en\/a-museum-to-remember\/#primaryimage\",\"url\":\"https:\/\/mucap.eu\/wp-content\/uploads\/2026\/04\/Manche-Mag.jpeg\",\"contentUrl\":\"https:\/\/mucap.eu\/wp-content\/uploads\/2026\/04\/Manche-Mag.jpeg\",\"width\":1784,\"height\":2336,\"caption\":\"Screenshot\"},{\"@type\":\"BreadcrumbList\",\"@id\":\"https:\/\/mucap.eu\/en\/a-museum-to-remember\/#breadcrumb\",\"itemListElement\":[{\"@type\":\"ListItem\",\"position\":1,\"name\":\"Accueil\",\"item\":\"https:\/\/mucap.eu\/en\/\"},{\"@type\":\"ListItem\",\"position\":2,\"name\":\"Press\",\"item\":\"https:\/\/mucap.eu\/en\/category\/press\/\"},{\"@type\":\"ListItem\",\"position\":3,\"name\":\"A museum to remember\"}]},{\"@type\":\"WebSite\",\"@id\":\"https:\/\/mucap.eu\/en\/#website\",\"url\":\"https:\/\/mucap.eu\/en\/\",\"name\":\"Mus\u00e9e sur la captivit\u00e9 de guerre en Europe lib\u00e9r\u00e9e\",\"description\":\"Le premier mus\u00e9e exclusivement consacr\u00e9 aux prisonniers de guerre\",\"publisher\":{\"@id\":\"https:\/\/mucap.eu\/en\/#organization\"},\"potentialAction\":[{\"@type\":\"SearchAction\",\"target\":{\"@type\":\"EntryPoint\",\"urlTemplate\":\"https:\/\/mucap.eu\/en\/?s={search_term_string}\"},\"query-input\":{\"@type\":\"PropertyValueSpecification\",\"valueRequired\":true,\"valueName\":\"search_term_string\"}}],\"inLanguage\":\"en-US\"},{\"@type\":\"Organization\",\"@id\":\"https:\/\/mucap.eu\/en\/#organization\",\"name\":\"Mus\u00e9e sur la captivit\u00e9 de guerre en Europe lib\u00e9r\u00e9e\",\"url\":\"https:\/\/mucap.eu\/en\/\",\"logo\":{\"@type\":\"ImageObject\",\"inLanguage\":\"en-US\",\"@id\":\"https:\/\/mucap.eu\/en\/#\/schema\/logo\/image\/\",\"url\":\"https:\/\/mucap.eu\/wp-content\/uploads\/2025\/01\/logo-MUCAP.png\",\"contentUrl\":\"https:\/\/mucap.eu\/wp-content\/uploads\/2025\/01\/logo-MUCAP.png\",\"width\":714,\"height\":118,\"caption\":\"Mus\u00e9e sur la captivit\u00e9 de guerre en Europe lib\u00e9r\u00e9e\"},\"image\":{\"@id\":\"https:\/\/mucap.eu\/en\/#\/schema\/logo\/image\/\"}},{\"@type\":\"Person\",\"@id\":\"https:\/\/mucap.eu\/en\/#\/schema\/person\/264da7a8ca76b4ba8fe2b770520f6a09\",\"name\":\"FredFleury\",\"image\":{\"@type\":\"ImageObject\",\"inLanguage\":\"en-US\",\"@id\":\"https:\/\/mucap.eu\/en\/#\/schema\/person\/image\/\",\"url\":\"https:\/\/secure.gravatar.com\/avatar\/3b8c3cf5a96a5b8ee69739cd1cace0211a94279083aee440c37a40497889384f?s=96&d=mm&r=g\",\"contentUrl\":\"https:\/\/secure.gravatar.com\/avatar\/3b8c3cf5a96a5b8ee69739cd1cace0211a94279083aee440c37a40497889384f?s=96&d=mm&r=g\",\"caption\":\"FredFleury\"},\"sameAs\":[\"https:\/\/museum-dascamp.com\"],\"url\":\"https:\/\/mucap.eu\/en\/author\/fredfleury\/\"}]}<\/script>\n<!-- \/ Yoast SEO plugin. -->","yoast_head_json":{"title":"A museum to remember - MUCAP","robots":{"index":"index","follow":"follow","max-snippet":"max-snippet:-1","max-image-preview":"max-image-preview:large","max-video-preview":"max-video-preview:-1"},"canonical":"https:\/\/mucap.eu\/en\/a-museum-to-remember\/","og_locale":"en_US","og_type":"article","og_title":"A museum to remember - MUCAP","og_description":"It will open in spring 2028, in Foucarville. The future museum of German war captivity will be the first entirely dedicated to this subject. To find out more. Article published in Manche&#8217;Mag April 2026 INTERVIEW WITH&#8230;Catherine Brunaud-Rhyn, Vice-President in charge of Attractiveness, Culture and Territorial Development Why does this captivity museum project make so much [&hellip;]","og_url":"https:\/\/mucap.eu\/en\/a-museum-to-remember\/","og_site_name":"MUCAP","article_published_time":"2026-04-14T06:16:02+00:00","article_modified_time":"2026-04-14T06:16:59+00:00","og_image":[{"width":1784,"height":2336,"url":"https:\/\/mucap.eu\/wp-content\/uploads\/2026\/04\/Manche-Mag.jpeg","type":"image\/jpeg"}],"author":"FredFleury","twitter_card":"summary_large_image","twitter_misc":{"Written by":"FredFleury","Est. reading time":"2 minutes"},"schema":{"@context":"https:\/\/schema.org","@graph":[{"@type":"Article","@id":"https:\/\/mucap.eu\/en\/a-museum-to-remember\/#article","isPartOf":{"@id":"https:\/\/mucap.eu\/en\/a-museum-to-remember\/"},"author":{"name":"FredFleury","@id":"https:\/\/mucap.eu\/en\/#\/schema\/person\/264da7a8ca76b4ba8fe2b770520f6a09"},"headline":"A museum to remember","datePublished":"2026-04-14T06:16:02+00:00","dateModified":"2026-04-14T06:16:59+00:00","mainEntityOfPage":{"@id":"https:\/\/mucap.eu\/en\/a-museum-to-remember\/"},"wordCount":460,"commentCount":0,"publisher":{"@id":"https:\/\/mucap.eu\/en\/#organization"},"image":{"@id":"https:\/\/mucap.eu\/en\/a-museum-to-remember\/#primaryimage"},"thumbnailUrl":"https:\/\/mucap.eu\/wp-content\/uploads\/2026\/04\/Manche-Mag.jpeg","articleSection":["Press"],"inLanguage":"en-US","potentialAction":[{"@type":"CommentAction","name":"Comment","target":["https:\/\/mucap.eu\/en\/a-museum-to-remember\/#respond"]}]},{"@type":"WebPage","@id":"https:\/\/mucap.eu\/en\/a-museum-to-remember\/","url":"https:\/\/mucap.eu\/en\/a-museum-to-remember\/","name":"A museum to remember - MUCAP","isPartOf":{"@id":"https:\/\/mucap.eu\/en\/#website"},"primaryImageOfPage":{"@id":"https:\/\/mucap.eu\/en\/a-museum-to-remember\/#primaryimage"},"image":{"@id":"https:\/\/mucap.eu\/en\/a-museum-to-remember\/#primaryimage"},"thumbnailUrl":"https:\/\/mucap.eu\/wp-content\/uploads\/2026\/04\/Manche-Mag.jpeg","datePublished":"2026-04-14T06:16:02+00:00","dateModified":"2026-04-14T06:16:59+00:00","breadcrumb":{"@id":"https:\/\/mucap.eu\/en\/a-museum-to-remember\/#breadcrumb"},"inLanguage":"en-US","potentialAction":[{"@type":"ReadAction","target":["https:\/\/mucap.eu\/en\/a-museum-to-remember\/"]}]},{"@type":"ImageObject","inLanguage":"en-US","@id":"https:\/\/mucap.eu\/en\/a-museum-to-remember\/#primaryimage","url":"https:\/\/mucap.eu\/wp-content\/uploads\/2026\/04\/Manche-Mag.jpeg","contentUrl":"https:\/\/mucap.eu\/wp-content\/uploads\/2026\/04\/Manche-Mag.jpeg","width":1784,"height":2336,"caption":"Screenshot"},{"@type":"BreadcrumbList","@id":"https:\/\/mucap.eu\/en\/a-museum-to-remember\/#breadcrumb","itemListElement":[{"@type":"ListItem","position":1,"name":"Accueil","item":"https:\/\/mucap.eu\/en\/"},{"@type":"ListItem","position":2,"name":"Press","item":"https:\/\/mucap.eu\/en\/category\/press\/"},{"@type":"ListItem","position":3,"name":"A museum to remember"}]},{"@type":"WebSite","@id":"https:\/\/mucap.eu\/en\/#website","url":"https:\/\/mucap.eu\/en\/","name":"Mus\u00e9e sur la captivit\u00e9 de guerre en Europe lib\u00e9r\u00e9e","description":"Le premier mus\u00e9e exclusivement consacr\u00e9 aux prisonniers de guerre","publisher":{"@id":"https:\/\/mucap.eu\/en\/#organization"},"potentialAction":[{"@type":"SearchAction","target":{"@type":"EntryPoint","urlTemplate":"https:\/\/mucap.eu\/en\/?s={search_term_string}"},"query-input":{"@type":"PropertyValueSpecification","valueRequired":true,"valueName":"search_term_string"}}],"inLanguage":"en-US"},{"@type":"Organization","@id":"https:\/\/mucap.eu\/en\/#organization","name":"Mus\u00e9e sur la captivit\u00e9 de guerre en Europe lib\u00e9r\u00e9e","url":"https:\/\/mucap.eu\/en\/","logo":{"@type":"ImageObject","inLanguage":"en-US","@id":"https:\/\/mucap.eu\/en\/#\/schema\/logo\/image\/","url":"https:\/\/mucap.eu\/wp-content\/uploads\/2025\/01\/logo-MUCAP.png","contentUrl":"https:\/\/mucap.eu\/wp-content\/uploads\/2025\/01\/logo-MUCAP.png","width":714,"height":118,"caption":"Mus\u00e9e sur la captivit\u00e9 de guerre en Europe lib\u00e9r\u00e9e"},"image":{"@id":"https:\/\/mucap.eu\/en\/#\/schema\/logo\/image\/"}},{"@type":"Person","@id":"https:\/\/mucap.eu\/en\/#\/schema\/person\/264da7a8ca76b4ba8fe2b770520f6a09","name":"FredFleury","image":{"@type":"ImageObject","inLanguage":"en-US","@id":"https:\/\/mucap.eu\/en\/#\/schema\/person\/image\/","url":"https:\/\/secure.gravatar.com\/avatar\/3b8c3cf5a96a5b8ee69739cd1cace0211a94279083aee440c37a40497889384f?s=96&d=mm&r=g","contentUrl":"https:\/\/secure.gravatar.com\/avatar\/3b8c3cf5a96a5b8ee69739cd1cace0211a94279083aee440c37a40497889384f?s=96&d=mm&r=g","caption":"FredFleury"},"sameAs":["https:\/\/museum-dascamp.com"],"url":"https:\/\/mucap.eu\/en\/author\/fredfleury\/"}]}},"_links":{"self":[{"href":"https:\/\/mucap.eu\/en\/wp-json\/wp\/v2\/posts\/3989","targetHints":{"allow":["GET"]}}],"collection":[{"href":"https:\/\/mucap.eu\/en\/wp-json\/wp\/v2\/posts"}],"about":[{"href":"https:\/\/mucap.eu\/en\/wp-json\/wp\/v2\/types\/post"}],"author":[{"embeddable":true,"href":"https:\/\/mucap.eu\/en\/wp-json\/wp\/v2\/users\/1"}],"replies":[{"embeddable":true,"href":"https:\/\/mucap.eu\/en\/wp-json\/wp\/v2\/comments?post=3989"}],"version-history":[{"count":2,"href":"https:\/\/mucap.eu\/en\/wp-json\/wp\/v2\/posts\/3989\/revisions"}],"predecessor-version":[{"id":3992,"href":"https:\/\/mucap.eu\/en\/wp-json\/wp\/v2\/posts\/3989\/revisions\/3992"}],"wp:featuredmedia":[{"embeddable":true,"href":"https:\/\/mucap.eu\/en\/wp-json\/wp\/v2\/media\/3984"}],"wp:attachment":[{"href":"https:\/\/mucap.eu\/en\/wp-json\/wp\/v2\/media?parent=3989"}],"wp:term":[{"taxonomy":"category","embeddable":true,"href":"https:\/\/mucap.eu\/en\/wp-json\/wp\/v2\/categories?post=3989"},{"taxonomy":"post_tag","embeddable":true,"href":"https:\/\/mucap.eu\/en\/wp-json\/wp\/v2\/tags?post=3989"}],"curies":[{"name":"wp","href":"https:\/\/api.w.org\/{rel}","templated":true}]}}