{"id":1,"name":"FredFleury","url":"https:\/\/museum-dascamp.com","description":"","link":"https:\/\/mucap.eu\/de\/author\/fredfleury\/","slug":"fredfleury","avatar_urls":{"24":"https:\/\/secure.gravatar.com\/avatar\/3b8c3cf5a96a5b8ee69739cd1cace0211a94279083aee440c37a40497889384f?s=24&d=mm&r=g","48":"https:\/\/secure.gravatar.com\/avatar\/3b8c3cf5a96a5b8ee69739cd1cace0211a94279083aee440c37a40497889384f?s=48&d=mm&r=g","96":"https:\/\/secure.gravatar.com\/avatar\/3b8c3cf5a96a5b8ee69739cd1cace0211a94279083aee440c37a40497889384f?s=96&d=mm&r=g"},"meta":[],"yoast_head":"<!-- This site is optimized with the Yoast SEO plugin v27.0 - https:\/\/yoast.com\/product\/yoast-seo-wordpress\/ -->\n<title>FredFleury, auteur\/autrice sur MUCAP<\/title>\n<meta name=\"robots\" content=\"index, follow, max-snippet:-1, max-image-preview:large, max-video-preview:-1\" \/>\n<link rel=\"canonical\" href=\"https:\/\/mucap.eu\/de\/author\/fredfleury\/\" \/>\n<meta property=\"og:locale\" content=\"de_DE\" \/>\n<meta property=\"og:type\" content=\"profile\" \/>\n<meta property=\"og:title\" content=\"FredFleury, auteur\/autrice sur MUCAP\" \/>\n<meta property=\"og:url\" content=\"https:\/\/mucap.eu\/author\/fredfleury\/\" \/>\n<meta property=\"og:site_name\" content=\"MUCAP\" \/>\n<meta property=\"og:image\" content=\"https:\/\/secure.gravatar.com\/avatar\/3b8c3cf5a96a5b8ee69739cd1cace0211a94279083aee440c37a40497889384f?s=500&d=mm&r=g\" \/>\n<meta name=\"twitter:card\" content=\"summary_large_image\" \/>\n<script type=\"application\/ld+json\" class=\"yoast-schema-graph\">{\"@context\":\"https:\/\/schema.org\",\"@graph\":[{\"@type\":\"ProfilePage\",\"@id\":\"https:\/\/mucap.eu\/author\/fredfleury\/\",\"url\":\"https:\/\/mucap.eu\/author\/fredfleury\/\",\"name\":\"FredFleury, auteur\/autrice sur MUCAP\",\"isPartOf\":{\"@id\":\"https:\/\/mucap.eu\/de\/#website\"},\"breadcrumb\":{\"@id\":\"https:\/\/mucap.eu\/author\/fredfleury\/#breadcrumb\"},\"inLanguage\":\"de\",\"potentialAction\":[{\"@type\":\"ReadAction\",\"target\":[\"https:\/\/mucap.eu\/author\/fredfleury\/\"]}]},{\"@type\":\"BreadcrumbList\",\"@id\":\"https:\/\/mucap.eu\/author\/fredfleury\/#breadcrumb\",\"itemListElement\":[{\"@type\":\"ListItem\",\"position\":1,\"name\":\"Accueil\",\"item\":\"https:\/\/mucap.eu\/de\/\"},{\"@type\":\"ListItem\",\"position\":2,\"name\":\"Archives pour FredFleury\"}]},{\"@type\":\"WebSite\",\"@id\":\"https:\/\/mucap.eu\/de\/#website\",\"url\":\"https:\/\/mucap.eu\/de\/\",\"name\":\"Mus\u00e9e sur la captivit\u00e9 de guerre en Europe lib\u00e9r\u00e9e\",\"description\":\"Le premier mus\u00e9e exclusivement consacr\u00e9 aux prisonniers de guerre\",\"publisher\":{\"@id\":\"https:\/\/mucap.eu\/de\/#organization\"},\"potentialAction\":[{\"@type\":\"SearchAction\",\"target\":{\"@type\":\"EntryPoint\",\"urlTemplate\":\"https:\/\/mucap.eu\/de\/?s={search_term_string}\"},\"query-input\":{\"@type\":\"PropertyValueSpecification\",\"valueRequired\":true,\"valueName\":\"search_term_string\"}}],\"inLanguage\":\"de\"},{\"@type\":\"Organization\",\"@id\":\"https:\/\/mucap.eu\/de\/#organization\",\"name\":\"Mus\u00e9e sur la captivit\u00e9 de guerre en Europe lib\u00e9r\u00e9e\",\"url\":\"https:\/\/mucap.eu\/de\/\",\"logo\":{\"@type\":\"ImageObject\",\"inLanguage\":\"de\",\"@id\":\"https:\/\/mucap.eu\/de\/#\/schema\/logo\/image\/\",\"url\":\"https:\/\/mucap.eu\/wp-content\/uploads\/2025\/01\/logo-MUCAP.png\",\"contentUrl\":\"https:\/\/mucap.eu\/wp-content\/uploads\/2025\/01\/logo-MUCAP.png\",\"width\":714,\"height\":118,\"caption\":\"Mus\u00e9e sur la captivit\u00e9 de guerre en Europe lib\u00e9r\u00e9e\"},\"image\":{\"@id\":\"https:\/\/mucap.eu\/de\/#\/schema\/logo\/image\/\"}},{\"@type\":\"Person\",\"@id\":\"https:\/\/mucap.eu\/de\/#\/schema\/person\/264da7a8ca76b4ba8fe2b770520f6a09\",\"name\":\"FredFleury\",\"image\":{\"@type\":\"ImageObject\",\"inLanguage\":\"de\",\"@id\":\"https:\/\/mucap.eu\/de\/#\/schema\/person\/image\/\",\"url\":\"https:\/\/secure.gravatar.com\/avatar\/3b8c3cf5a96a5b8ee69739cd1cace0211a94279083aee440c37a40497889384f?s=96&d=mm&r=g\",\"contentUrl\":\"https:\/\/secure.gravatar.com\/avatar\/3b8c3cf5a96a5b8ee69739cd1cace0211a94279083aee440c37a40497889384f?s=96&d=mm&r=g\",\"caption\":\"FredFleury\"},\"sameAs\":[\"https:\/\/museum-dascamp.com\"],\"mainEntityOfPage\":{\"@id\":\"https:\/\/mucap.eu\/author\/fredfleury\/\"}}]}<\/script>\n<!-- \/ Yoast SEO plugin. -->","yoast_head_json":{"title":"FredFleury, auteur\/autrice sur MUCAP","robots":{"index":"index","follow":"follow","max-snippet":"max-snippet:-1","max-image-preview":"max-image-preview:large","max-video-preview":"max-video-preview:-1"},"canonical":"https:\/\/mucap.eu\/de\/author\/fredfleury\/","og_locale":"de_DE","og_type":"profile","og_title":"FredFleury, auteur\/autrice sur MUCAP","og_url":"https:\/\/mucap.eu\/author\/fredfleury\/","og_site_name":"MUCAP","og_image":[{"url":"https:\/\/secure.gravatar.com\/avatar\/3b8c3cf5a96a5b8ee69739cd1cace0211a94279083aee440c37a40497889384f?s=500&d=mm&r=g","type":"","width":"","height":""}],"twitter_card":"summary_large_image","schema":{"@context":"https:\/\/schema.org","@graph":[{"@type":"ProfilePage","@id":"https:\/\/mucap.eu\/author\/fredfleury\/","url":"https:\/\/mucap.eu\/author\/fredfleury\/","name":"FredFleury, auteur\/autrice sur MUCAP","isPartOf":{"@id":"https:\/\/mucap.eu\/de\/#website"},"breadcrumb":{"@id":"https:\/\/mucap.eu\/author\/fredfleury\/#breadcrumb"},"inLanguage":"de","potentialAction":[{"@type":"ReadAction","target":["https:\/\/mucap.eu\/author\/fredfleury\/"]}]},{"@type":"BreadcrumbList","@id":"https:\/\/mucap.eu\/author\/fredfleury\/#breadcrumb","itemListElement":[{"@type":"ListItem","position":1,"name":"Accueil","item":"https:\/\/mucap.eu\/de\/"},{"@type":"ListItem","position":2,"name":"Archives pour FredFleury"}]},{"@type":"WebSite","@id":"https:\/\/mucap.eu\/de\/#website","url":"https:\/\/mucap.eu\/de\/","name":"Mus\u00e9e sur la captivit\u00e9 de guerre en Europe lib\u00e9r\u00e9e","description":"Le premier mus\u00e9e exclusivement consacr\u00e9 aux prisonniers de guerre","publisher":{"@id":"https:\/\/mucap.eu\/de\/#organization"},"potentialAction":[{"@type":"SearchAction","target":{"@type":"EntryPoint","urlTemplate":"https:\/\/mucap.eu\/de\/?s={search_term_string}"},"query-input":{"@type":"PropertyValueSpecification","valueRequired":true,"valueName":"search_term_string"}}],"inLanguage":"de"},{"@type":"Organization","@id":"https:\/\/mucap.eu\/de\/#organization","name":"Mus\u00e9e sur la captivit\u00e9 de guerre en Europe lib\u00e9r\u00e9e","url":"https:\/\/mucap.eu\/de\/","logo":{"@type":"ImageObject","inLanguage":"de","@id":"https:\/\/mucap.eu\/de\/#\/schema\/logo\/image\/","url":"https:\/\/mucap.eu\/wp-content\/uploads\/2025\/01\/logo-MUCAP.png","contentUrl":"https:\/\/mucap.eu\/wp-content\/uploads\/2025\/01\/logo-MUCAP.png","width":714,"height":118,"caption":"Mus\u00e9e sur la captivit\u00e9 de guerre en Europe lib\u00e9r\u00e9e"},"image":{"@id":"https:\/\/mucap.eu\/de\/#\/schema\/logo\/image\/"}},{"@type":"Person","@id":"https:\/\/mucap.eu\/de\/#\/schema\/person\/264da7a8ca76b4ba8fe2b770520f6a09","name":"FredFleury","image":{"@type":"ImageObject","inLanguage":"de","@id":"https:\/\/mucap.eu\/de\/#\/schema\/person\/image\/","url":"https:\/\/secure.gravatar.com\/avatar\/3b8c3cf5a96a5b8ee69739cd1cace0211a94279083aee440c37a40497889384f?s=96&d=mm&r=g","contentUrl":"https:\/\/secure.gravatar.com\/avatar\/3b8c3cf5a96a5b8ee69739cd1cace0211a94279083aee440c37a40497889384f?s=96&d=mm&r=g","caption":"FredFleury"},"sameAs":["https:\/\/museum-dascamp.com"],"mainEntityOfPage":{"@id":"https:\/\/mucap.eu\/author\/fredfleury\/"}}]}},"elementor_introduction":{"ai-get-started-announcement":true,"upload_json_warning_generic_message":true,"globals_introduction":true,"yoast-introduction-editor-v2":true,"e-editor-one-notice-pointer":true},"_links":{"self":[{"href":"https:\/\/mucap.eu\/de\/wp-json\/wp\/v2\/users\/1","targetHints":{"allow":["GET"]}}],"collection":[{"href":"https:\/\/mucap.eu\/de\/wp-json\/wp\/v2\/users"}]}}