{"id":3987,"date":"2026-04-14T08:16:02","date_gmt":"2026-04-14T06:16:02","guid":{"rendered":"https:\/\/mucap.eu\/ein-museum-um-nicht-zu-vergessen\/"},"modified":"2026-04-14T08:16:59","modified_gmt":"2026-04-14T06:16:59","slug":"ein-museum-um-nicht-zu-vergessen","status":"publish","type":"post","link":"https:\/\/mucap.eu\/de\/ein-museum-um-nicht-zu-vergessen\/","title":{"rendered":"Ein Museum, um nicht zu vergessen"},"content":{"rendered":"\n<h3 class=\"wp-block-heading\" style=\"font-size:20px\">Es wird im Fr\u00fchjahr 2028 in Foucarville er\u00f6ffnet. Das zuk\u00fcnftige Museum der deutschen Kriegsgefangenschaft wird das erste sein, das sich vollst\u00e4ndig diesem Thema widmet. Pr\u00e4sentation.  <\/h3>\n\n<p><em>Artikel ver\u00f6ffentlicht in Manche&#8217;Mag April 2026<\/em><\/p>\n\n<p><em>INTERVIEW MIT&#8230;<\/em><br\/><em>Catherine Brunaud-Rhyn, Vizepr\u00e4sidentin f\u00fcr Attraktivit\u00e4t, Kultur und Aufwertung des Territoriums<\/em><\/p>\n\n<figure class=\"wp-block-image alignleft size-large is-resized\"><img fetchpriority=\"high\" decoding=\"async\" width=\"782\" height=\"1024\" src=\"https:\/\/mucap.eu\/wp-content\/uploads\/2026\/04\/Manche-Mag-782x1024.jpeg\" alt=\"\" class=\"wp-image-3983\" style=\"width:295px;height:auto\" srcset=\"https:\/\/mucap.eu\/wp-content\/uploads\/2026\/04\/Manche-Mag-782x1024.jpeg 782w, https:\/\/mucap.eu\/wp-content\/uploads\/2026\/04\/Manche-Mag-229x300.jpeg 229w, https:\/\/mucap.eu\/wp-content\/uploads\/2026\/04\/Manche-Mag-768x1006.jpeg 768w, https:\/\/mucap.eu\/wp-content\/uploads\/2026\/04\/Manche-Mag-1173x1536.jpeg 1173w, https:\/\/mucap.eu\/wp-content\/uploads\/2026\/04\/Manche-Mag-1564x2048.jpeg 1564w, https:\/\/mucap.eu\/wp-content\/uploads\/2026\/04\/Manche-Mag-1320x1728.jpeg 1320w, https:\/\/mucap.eu\/wp-content\/uploads\/2026\/04\/Manche-Mag.jpeg 1784w\" sizes=\"(max-width: 782px) 100vw, 782px\" \/><\/figure>\n\n<p><strong>Warum ist das Projekt eines Museums der Gefangenschaft in La Manche sinnvoll?<\/strong><br\/>Die Gefangenschaft w\u00e4hrend des Zweiten Weltkriegs ist ein wenig beachtetes Thema. Dieses Projekt beleuchtet diese wichtige Seite unserer Geschichte und erg\u00e4nzt die bereits bestehenden Museen und Gedenkst\u00e4tten in unserem Gebiet. Der gew\u00e4hlte Standort f\u00fcr das Museum ist ebenso symbolisch, da es zwischen dem Dorf Ravenoville und dem ehemaligen Gefangenenlager Foucarville errichtet wird. Es war das gr\u00f6\u00dfte deutsche Gefangenenlager in Europa.   <\/p>\n\n<p><strong>K\u00f6nnen Sie uns etwas mehr \u00fcber dieses Gefangenenlager erz\u00e4hlen?<\/strong><br\/>Zu Beginn, im Juni 1944, handelte es sich um ein provisorisches Lager, das f\u00fcr den Transit von Gefangenen bestimmt war. Aber im Laufe der Monate und angesichts des Zustroms von Gefangenen wurde die Notwendigkeit erkannt, das Lager zu vergr\u00f6\u00dfern und zu erhalten. Schnell entstand eine echte Stadt mit ihren Stra\u00dfen und Einrichtungen: B\u00e4ckerei, Kirchen, Theater, Sportanlagen&#8230; Der Respekt vor der Person ist sehr pr\u00e4sent und besondere Anstrengungen werden f\u00fcr die Bildung unternommen, da das Lager viele Jugendliche im Alter von 12 bis 17 Jahren aufnimmt. Zwischen 1944 und 1947 wurden fast 100.000 Kriegsgefangene ein- oder durchgeschleust.   <\/p>\n\n<p><strong>Welche Philosophie steckt hinter diesem Museumsprojekt?<\/strong><br\/>Er steht im Einklang mit den Werten des Humanismus, der Vers\u00f6hnung und des Friedens, die Oberst Warren J. Kennedy, der Kommandant des Lagers, vertrat. Der Begriff der Gefangenschaft wird daher behandelt, um seine Konturen zu verstehen, aber auch um ihn zu kontextualisieren und mit anderen europ\u00e4ischen Lagern der gleichen Epoche zu vergleichen. <\/p>\n\n<p><strong>Was k\u00f6nnen wir vor Ort sehen?<\/strong><br\/>Das Gel\u00e4nde erstreckt sich \u00fcber 1,3 Hektar mit einem Gedenkgarten und einem Aussichtspunkt, von dem aus man das ehemalige Lager \u00fcberblicken kann. Im Museumsbereich werden auf 1.370 m\u00b2 mehrere R\u00e4ume f\u00fcr Dauer- und Wechselausstellungen, ein Vermittlungsraum und ein Lagerraum f\u00fcr die Sammlungen untergebracht. <\/p>\n\n<p><strong>Wie ist der Stand des Projekts?<\/strong><br\/>Nach der Planungsphase und der Auswahl der Unternehmen ist der Beginn der Arbeiten f\u00fcr das Fr\u00fchjahr 2026 geplant. Die Bauarbeiten werden zwei Jahre dauern und die Er\u00f6ffnung f\u00fcr die \u00d6ffentlichkeit ist f\u00fcr das Fr\u00fchjahr 2028 geplant. <\/p>\n\n<p><strong>Warum unterst\u00fctzt die Abteilung diese Initiative?<\/strong><br\/>Diese von der Warren J. Kennedy Association getragene Gedenkst\u00e4tte wird ein sehr sch\u00f6nes Instrument f\u00fcr die Vermittlung und Bildung sein. Der wissenschaftliche Ansatz ist seri\u00f6s und die architektonische Gestaltung von hoher Qualit\u00e4t. Es handelt sich um ein Museum f\u00fcr die Manche, das seinen Platz in unserer Erinnerungs- und Tourismuslandschaft hat. Die Unterst\u00fctzung des Departements in H\u00f6he von 200.000 \u20ac zeigt unsere Verbundenheit mit diesem Projekt, das Werte vertritt, die uns sehr am Herzen liegen.   <\/p>\n","protected":false},"excerpt":{"rendered":"<p>Es wird im Fr\u00fchjahr 2028 in Foucarville er\u00f6ffnet. Das zuk\u00fcnftige Museum der deutschen Kriegsgefangenschaft wird das erste sein, das sich vollst\u00e4ndig diesem Thema widmet. Pr\u00e4sentation. Artikel ver\u00f6ffentlicht in Manche&#8217;Mag April 2026 INTERVIEW MIT&#8230;Catherine Brunaud-Rhyn, Vizepr\u00e4sidentin f\u00fcr Attraktivit\u00e4t, Kultur und Aufwertung des Territoriums Warum ist das Projekt eines Museums der Gefangenschaft in La Manche sinnvoll?Die Gefangenschaft [&hellip;]<\/p>\n","protected":false},"author":1,"featured_media":3985,"comment_status":"open","ping_status":"open","sticky":false,"template":"","format":"standard","meta":{"footnotes":""},"categories":[23],"tags":[],"class_list":["post-3987","post","type-post","status-publish","format-standard","has-post-thumbnail","hentry","category-presse-de"],"yoast_head":"<!-- This site is optimized with the Yoast SEO plugin v27.0 - https:\/\/yoast.com\/product\/yoast-seo-wordpress\/ -->\n<title>Ein Museum, um nicht zu vergessen - MUCAP<\/title>\n<meta name=\"robots\" content=\"index, follow, max-snippet:-1, max-image-preview:large, max-video-preview:-1\" \/>\n<link rel=\"canonical\" href=\"https:\/\/mucap.eu\/de\/ein-museum-um-nicht-zu-vergessen\/\" \/>\n<meta property=\"og:locale\" content=\"de_DE\" \/>\n<meta property=\"og:type\" content=\"article\" \/>\n<meta property=\"og:title\" content=\"Ein Museum, um nicht zu vergessen - MUCAP\" \/>\n<meta property=\"og:description\" content=\"Es wird im Fr\u00fchjahr 2028 in Foucarville er\u00f6ffnet. Das zuk\u00fcnftige Museum der deutschen Kriegsgefangenschaft wird das erste sein, das sich vollst\u00e4ndig diesem Thema widmet. Pr\u00e4sentation. Artikel ver\u00f6ffentlicht in Manche&#8217;Mag April 2026 INTERVIEW MIT&#8230;Catherine Brunaud-Rhyn, Vizepr\u00e4sidentin f\u00fcr Attraktivit\u00e4t, Kultur und Aufwertung des Territoriums Warum ist das Projekt eines Museums der Gefangenschaft in La Manche sinnvoll?Die Gefangenschaft [&hellip;]\" \/>\n<meta property=\"og:url\" content=\"https:\/\/mucap.eu\/de\/ein-museum-um-nicht-zu-vergessen\/\" \/>\n<meta property=\"og:site_name\" content=\"MUCAP\" \/>\n<meta property=\"article:published_time\" content=\"2026-04-14T06:16:02+00:00\" \/>\n<meta property=\"article:modified_time\" content=\"2026-04-14T06:16:59+00:00\" \/>\n<meta property=\"og:image\" content=\"https:\/\/mucap.eu\/wp-content\/uploads\/2026\/04\/Manche-Mag.jpeg\" \/>\n\t<meta property=\"og:image:width\" content=\"1784\" \/>\n\t<meta property=\"og:image:height\" content=\"2336\" \/>\n\t<meta property=\"og:image:type\" content=\"image\/jpeg\" \/>\n<meta name=\"author\" content=\"FredFleury\" \/>\n<meta name=\"twitter:card\" content=\"summary_large_image\" \/>\n<meta name=\"twitter:label1\" content=\"Verfasst von\" \/>\n\t<meta name=\"twitter:data1\" content=\"FredFleury\" \/>\n\t<meta name=\"twitter:label2\" content=\"Gesch\u00e4tzte Lesezeit\" \/>\n\t<meta name=\"twitter:data2\" content=\"2\u00a0Minuten\" \/>\n<script type=\"application\/ld+json\" class=\"yoast-schema-graph\">{\"@context\":\"https:\/\/schema.org\",\"@graph\":[{\"@type\":\"Article\",\"@id\":\"https:\/\/mucap.eu\/de\/ein-museum-um-nicht-zu-vergessen\/#article\",\"isPartOf\":{\"@id\":\"https:\/\/mucap.eu\/de\/ein-museum-um-nicht-zu-vergessen\/\"},\"author\":{\"name\":\"FredFleury\",\"@id\":\"https:\/\/mucap.eu\/de\/#\/schema\/person\/264da7a8ca76b4ba8fe2b770520f6a09\"},\"headline\":\"Ein Museum, um nicht zu vergessen\",\"datePublished\":\"2026-04-14T06:16:02+00:00\",\"dateModified\":\"2026-04-14T06:16:59+00:00\",\"mainEntityOfPage\":{\"@id\":\"https:\/\/mucap.eu\/de\/ein-museum-um-nicht-zu-vergessen\/\"},\"wordCount\":487,\"commentCount\":0,\"publisher\":{\"@id\":\"https:\/\/mucap.eu\/de\/#organization\"},\"image\":{\"@id\":\"https:\/\/mucap.eu\/de\/ein-museum-um-nicht-zu-vergessen\/#primaryimage\"},\"thumbnailUrl\":\"https:\/\/mucap.eu\/wp-content\/uploads\/2026\/04\/Manche-Mag.jpeg\",\"articleSection\":[\"Presse\"],\"inLanguage\":\"de\",\"potentialAction\":[{\"@type\":\"CommentAction\",\"name\":\"Comment\",\"target\":[\"https:\/\/mucap.eu\/de\/ein-museum-um-nicht-zu-vergessen\/#respond\"]}]},{\"@type\":\"WebPage\",\"@id\":\"https:\/\/mucap.eu\/de\/ein-museum-um-nicht-zu-vergessen\/\",\"url\":\"https:\/\/mucap.eu\/de\/ein-museum-um-nicht-zu-vergessen\/\",\"name\":\"Ein Museum, um nicht zu vergessen - MUCAP\",\"isPartOf\":{\"@id\":\"https:\/\/mucap.eu\/de\/#website\"},\"primaryImageOfPage\":{\"@id\":\"https:\/\/mucap.eu\/de\/ein-museum-um-nicht-zu-vergessen\/#primaryimage\"},\"image\":{\"@id\":\"https:\/\/mucap.eu\/de\/ein-museum-um-nicht-zu-vergessen\/#primaryimage\"},\"thumbnailUrl\":\"https:\/\/mucap.eu\/wp-content\/uploads\/2026\/04\/Manche-Mag.jpeg\",\"datePublished\":\"2026-04-14T06:16:02+00:00\",\"dateModified\":\"2026-04-14T06:16:59+00:00\",\"breadcrumb\":{\"@id\":\"https:\/\/mucap.eu\/de\/ein-museum-um-nicht-zu-vergessen\/#breadcrumb\"},\"inLanguage\":\"de\",\"potentialAction\":[{\"@type\":\"ReadAction\",\"target\":[\"https:\/\/mucap.eu\/de\/ein-museum-um-nicht-zu-vergessen\/\"]}]},{\"@type\":\"ImageObject\",\"inLanguage\":\"de\",\"@id\":\"https:\/\/mucap.eu\/de\/ein-museum-um-nicht-zu-vergessen\/#primaryimage\",\"url\":\"https:\/\/mucap.eu\/wp-content\/uploads\/2026\/04\/Manche-Mag.jpeg\",\"contentUrl\":\"https:\/\/mucap.eu\/wp-content\/uploads\/2026\/04\/Manche-Mag.jpeg\",\"width\":1784,\"height\":2336,\"caption\":\"Screenshot\"},{\"@type\":\"BreadcrumbList\",\"@id\":\"https:\/\/mucap.eu\/de\/ein-museum-um-nicht-zu-vergessen\/#breadcrumb\",\"itemListElement\":[{\"@type\":\"ListItem\",\"position\":1,\"name\":\"Accueil\",\"item\":\"https:\/\/mucap.eu\/de\/\"},{\"@type\":\"ListItem\",\"position\":2,\"name\":\"Presse\",\"item\":\"https:\/\/mucap.eu\/de\/category\/presse-de\/\"},{\"@type\":\"ListItem\",\"position\":3,\"name\":\"Ein Museum, um nicht zu vergessen\"}]},{\"@type\":\"WebSite\",\"@id\":\"https:\/\/mucap.eu\/de\/#website\",\"url\":\"https:\/\/mucap.eu\/de\/\",\"name\":\"Mus\u00e9e sur la captivit\u00e9 de guerre en Europe lib\u00e9r\u00e9e\",\"description\":\"Le premier mus\u00e9e exclusivement consacr\u00e9 aux prisonniers de guerre\",\"publisher\":{\"@id\":\"https:\/\/mucap.eu\/de\/#organization\"},\"potentialAction\":[{\"@type\":\"SearchAction\",\"target\":{\"@type\":\"EntryPoint\",\"urlTemplate\":\"https:\/\/mucap.eu\/de\/?s={search_term_string}\"},\"query-input\":{\"@type\":\"PropertyValueSpecification\",\"valueRequired\":true,\"valueName\":\"search_term_string\"}}],\"inLanguage\":\"de\"},{\"@type\":\"Organization\",\"@id\":\"https:\/\/mucap.eu\/de\/#organization\",\"name\":\"Mus\u00e9e sur la captivit\u00e9 de guerre en Europe lib\u00e9r\u00e9e\",\"url\":\"https:\/\/mucap.eu\/de\/\",\"logo\":{\"@type\":\"ImageObject\",\"inLanguage\":\"de\",\"@id\":\"https:\/\/mucap.eu\/de\/#\/schema\/logo\/image\/\",\"url\":\"https:\/\/mucap.eu\/wp-content\/uploads\/2025\/01\/logo-MUCAP.png\",\"contentUrl\":\"https:\/\/mucap.eu\/wp-content\/uploads\/2025\/01\/logo-MUCAP.png\",\"width\":714,\"height\":118,\"caption\":\"Mus\u00e9e sur la captivit\u00e9 de guerre en Europe lib\u00e9r\u00e9e\"},\"image\":{\"@id\":\"https:\/\/mucap.eu\/de\/#\/schema\/logo\/image\/\"}},{\"@type\":\"Person\",\"@id\":\"https:\/\/mucap.eu\/de\/#\/schema\/person\/264da7a8ca76b4ba8fe2b770520f6a09\",\"name\":\"FredFleury\",\"image\":{\"@type\":\"ImageObject\",\"inLanguage\":\"de\",\"@id\":\"https:\/\/mucap.eu\/de\/#\/schema\/person\/image\/\",\"url\":\"https:\/\/secure.gravatar.com\/avatar\/3b8c3cf5a96a5b8ee69739cd1cace0211a94279083aee440c37a40497889384f?s=96&d=mm&r=g\",\"contentUrl\":\"https:\/\/secure.gravatar.com\/avatar\/3b8c3cf5a96a5b8ee69739cd1cace0211a94279083aee440c37a40497889384f?s=96&d=mm&r=g\",\"caption\":\"FredFleury\"},\"sameAs\":[\"https:\/\/museum-dascamp.com\"],\"url\":\"https:\/\/mucap.eu\/de\/author\/fredfleury\/\"}]}<\/script>\n<!-- \/ Yoast SEO plugin. -->","yoast_head_json":{"title":"Ein Museum, um nicht zu vergessen - MUCAP","robots":{"index":"index","follow":"follow","max-snippet":"max-snippet:-1","max-image-preview":"max-image-preview:large","max-video-preview":"max-video-preview:-1"},"canonical":"https:\/\/mucap.eu\/de\/ein-museum-um-nicht-zu-vergessen\/","og_locale":"de_DE","og_type":"article","og_title":"Ein Museum, um nicht zu vergessen - MUCAP","og_description":"Es wird im Fr\u00fchjahr 2028 in Foucarville er\u00f6ffnet. Das zuk\u00fcnftige Museum der deutschen Kriegsgefangenschaft wird das erste sein, das sich vollst\u00e4ndig diesem Thema widmet. Pr\u00e4sentation. Artikel ver\u00f6ffentlicht in Manche&#8217;Mag April 2026 INTERVIEW MIT&#8230;Catherine Brunaud-Rhyn, Vizepr\u00e4sidentin f\u00fcr Attraktivit\u00e4t, Kultur und Aufwertung des Territoriums Warum ist das Projekt eines Museums der Gefangenschaft in La Manche sinnvoll?Die Gefangenschaft [&hellip;]","og_url":"https:\/\/mucap.eu\/de\/ein-museum-um-nicht-zu-vergessen\/","og_site_name":"MUCAP","article_published_time":"2026-04-14T06:16:02+00:00","article_modified_time":"2026-04-14T06:16:59+00:00","og_image":[{"width":1784,"height":2336,"url":"https:\/\/mucap.eu\/wp-content\/uploads\/2026\/04\/Manche-Mag.jpeg","type":"image\/jpeg"}],"author":"FredFleury","twitter_card":"summary_large_image","twitter_misc":{"Verfasst von":"FredFleury","Gesch\u00e4tzte Lesezeit":"2\u00a0Minuten"},"schema":{"@context":"https:\/\/schema.org","@graph":[{"@type":"Article","@id":"https:\/\/mucap.eu\/de\/ein-museum-um-nicht-zu-vergessen\/#article","isPartOf":{"@id":"https:\/\/mucap.eu\/de\/ein-museum-um-nicht-zu-vergessen\/"},"author":{"name":"FredFleury","@id":"https:\/\/mucap.eu\/de\/#\/schema\/person\/264da7a8ca76b4ba8fe2b770520f6a09"},"headline":"Ein Museum, um nicht zu vergessen","datePublished":"2026-04-14T06:16:02+00:00","dateModified":"2026-04-14T06:16:59+00:00","mainEntityOfPage":{"@id":"https:\/\/mucap.eu\/de\/ein-museum-um-nicht-zu-vergessen\/"},"wordCount":487,"commentCount":0,"publisher":{"@id":"https:\/\/mucap.eu\/de\/#organization"},"image":{"@id":"https:\/\/mucap.eu\/de\/ein-museum-um-nicht-zu-vergessen\/#primaryimage"},"thumbnailUrl":"https:\/\/mucap.eu\/wp-content\/uploads\/2026\/04\/Manche-Mag.jpeg","articleSection":["Presse"],"inLanguage":"de","potentialAction":[{"@type":"CommentAction","name":"Comment","target":["https:\/\/mucap.eu\/de\/ein-museum-um-nicht-zu-vergessen\/#respond"]}]},{"@type":"WebPage","@id":"https:\/\/mucap.eu\/de\/ein-museum-um-nicht-zu-vergessen\/","url":"https:\/\/mucap.eu\/de\/ein-museum-um-nicht-zu-vergessen\/","name":"Ein Museum, um nicht zu vergessen - MUCAP","isPartOf":{"@id":"https:\/\/mucap.eu\/de\/#website"},"primaryImageOfPage":{"@id":"https:\/\/mucap.eu\/de\/ein-museum-um-nicht-zu-vergessen\/#primaryimage"},"image":{"@id":"https:\/\/mucap.eu\/de\/ein-museum-um-nicht-zu-vergessen\/#primaryimage"},"thumbnailUrl":"https:\/\/mucap.eu\/wp-content\/uploads\/2026\/04\/Manche-Mag.jpeg","datePublished":"2026-04-14T06:16:02+00:00","dateModified":"2026-04-14T06:16:59+00:00","breadcrumb":{"@id":"https:\/\/mucap.eu\/de\/ein-museum-um-nicht-zu-vergessen\/#breadcrumb"},"inLanguage":"de","potentialAction":[{"@type":"ReadAction","target":["https:\/\/mucap.eu\/de\/ein-museum-um-nicht-zu-vergessen\/"]}]},{"@type":"ImageObject","inLanguage":"de","@id":"https:\/\/mucap.eu\/de\/ein-museum-um-nicht-zu-vergessen\/#primaryimage","url":"https:\/\/mucap.eu\/wp-content\/uploads\/2026\/04\/Manche-Mag.jpeg","contentUrl":"https:\/\/mucap.eu\/wp-content\/uploads\/2026\/04\/Manche-Mag.jpeg","width":1784,"height":2336,"caption":"Screenshot"},{"@type":"BreadcrumbList","@id":"https:\/\/mucap.eu\/de\/ein-museum-um-nicht-zu-vergessen\/#breadcrumb","itemListElement":[{"@type":"ListItem","position":1,"name":"Accueil","item":"https:\/\/mucap.eu\/de\/"},{"@type":"ListItem","position":2,"name":"Presse","item":"https:\/\/mucap.eu\/de\/category\/presse-de\/"},{"@type":"ListItem","position":3,"name":"Ein Museum, um nicht zu vergessen"}]},{"@type":"WebSite","@id":"https:\/\/mucap.eu\/de\/#website","url":"https:\/\/mucap.eu\/de\/","name":"Mus\u00e9e sur la captivit\u00e9 de guerre en Europe lib\u00e9r\u00e9e","description":"Le premier mus\u00e9e exclusivement consacr\u00e9 aux prisonniers de guerre","publisher":{"@id":"https:\/\/mucap.eu\/de\/#organization"},"potentialAction":[{"@type":"SearchAction","target":{"@type":"EntryPoint","urlTemplate":"https:\/\/mucap.eu\/de\/?s={search_term_string}"},"query-input":{"@type":"PropertyValueSpecification","valueRequired":true,"valueName":"search_term_string"}}],"inLanguage":"de"},{"@type":"Organization","@id":"https:\/\/mucap.eu\/de\/#organization","name":"Mus\u00e9e sur la captivit\u00e9 de guerre en Europe lib\u00e9r\u00e9e","url":"https:\/\/mucap.eu\/de\/","logo":{"@type":"ImageObject","inLanguage":"de","@id":"https:\/\/mucap.eu\/de\/#\/schema\/logo\/image\/","url":"https:\/\/mucap.eu\/wp-content\/uploads\/2025\/01\/logo-MUCAP.png","contentUrl":"https:\/\/mucap.eu\/wp-content\/uploads\/2025\/01\/logo-MUCAP.png","width":714,"height":118,"caption":"Mus\u00e9e sur la captivit\u00e9 de guerre en Europe lib\u00e9r\u00e9e"},"image":{"@id":"https:\/\/mucap.eu\/de\/#\/schema\/logo\/image\/"}},{"@type":"Person","@id":"https:\/\/mucap.eu\/de\/#\/schema\/person\/264da7a8ca76b4ba8fe2b770520f6a09","name":"FredFleury","image":{"@type":"ImageObject","inLanguage":"de","@id":"https:\/\/mucap.eu\/de\/#\/schema\/person\/image\/","url":"https:\/\/secure.gravatar.com\/avatar\/3b8c3cf5a96a5b8ee69739cd1cace0211a94279083aee440c37a40497889384f?s=96&d=mm&r=g","contentUrl":"https:\/\/secure.gravatar.com\/avatar\/3b8c3cf5a96a5b8ee69739cd1cace0211a94279083aee440c37a40497889384f?s=96&d=mm&r=g","caption":"FredFleury"},"sameAs":["https:\/\/museum-dascamp.com"],"url":"https:\/\/mucap.eu\/de\/author\/fredfleury\/"}]}},"_links":{"self":[{"href":"https:\/\/mucap.eu\/de\/wp-json\/wp\/v2\/posts\/3987","targetHints":{"allow":["GET"]}}],"collection":[{"href":"https:\/\/mucap.eu\/de\/wp-json\/wp\/v2\/posts"}],"about":[{"href":"https:\/\/mucap.eu\/de\/wp-json\/wp\/v2\/types\/post"}],"author":[{"embeddable":true,"href":"https:\/\/mucap.eu\/de\/wp-json\/wp\/v2\/users\/1"}],"replies":[{"embeddable":true,"href":"https:\/\/mucap.eu\/de\/wp-json\/wp\/v2\/comments?post=3987"}],"version-history":[{"count":2,"href":"https:\/\/mucap.eu\/de\/wp-json\/wp\/v2\/posts\/3987\/revisions"}],"predecessor-version":[{"id":3993,"href":"https:\/\/mucap.eu\/de\/wp-json\/wp\/v2\/posts\/3987\/revisions\/3993"}],"wp:featuredmedia":[{"embeddable":true,"href":"https:\/\/mucap.eu\/de\/wp-json\/wp\/v2\/media\/3985"}],"wp:attachment":[{"href":"https:\/\/mucap.eu\/de\/wp-json\/wp\/v2\/media?parent=3987"}],"wp:term":[{"taxonomy":"category","embeddable":true,"href":"https:\/\/mucap.eu\/de\/wp-json\/wp\/v2\/categories?post=3987"},{"taxonomy":"post_tag","embeddable":true,"href":"https:\/\/mucap.eu\/de\/wp-json\/wp\/v2\/tags?post=3987"}],"curies":[{"name":"wp","href":"https:\/\/api.w.org\/{rel}","templated":true}]}}